{"id":978,"date":"2017-02-04T00:02:04","date_gmt":"2017-02-03T23:02:04","guid":{"rendered":"http:\/\/confrariadopaodaregueifaedobiscoitodevalongo.com\/confraria\/?p=978"},"modified":"2017-02-04T00:50:08","modified_gmt":"2017-02-03T23:50:08","slug":"revista","status":"publish","type":"post","link":"https:\/\/confrariadopaodaregueifaedobiscoitodevalongo.com\/confraria\/2017\/02\/04\/revista\/","title":{"rendered":"Revista \u201cValongo tem Grude&#8221;"},"content":{"rendered":"<p>Em agrad\u00e1vel conversa com duas senhoras da terra, orgulhosas do local onde nasceram, me contaram, entusiasticamente, que na sua juventude assistiram a tr\u00eas revistas, com arranjos de letras adaptadas a Valongo e com atores da terra. As m\u00fasicas adotadas eram de revistas da \u00e9poca, que subiam \u00e0 cena em Lisboa.<\/p>\n<p>Uma das can\u00e7\u00f5es referidas, pertencia \u00e0 Revista: Valongo tem Grude, que subiu ao palco no sal\u00e3o dos Bombeiros Volunt\u00e1rios de Valongo, foi a das Padeirinhas, que passo a citar:<\/p>\n<p>De Valongo sou padeira<br \/>\nEntre todas a primeira,<br \/>\nConhe\u00e7o esse valor<br \/>\nCom aprumo e alegria<br \/>\nFa\u00e7o o p\u00e3o de cada dia com a gra\u00e7a do senhor.<br \/>\nMas em tempos que j\u00e1 l\u00e1 v\u00e3o<br \/>\nTinha fama o nosso p\u00e3o<br \/>\nE tinha raz\u00e3o para o ter,<br \/>\nMas guardaram-se as peneiras,<br \/>\nPor isso n\u00f3s as padeiras t\u00ednhamos pouco para vender.<\/p>\n<p><strong>REFR\u00c3O<\/strong><\/p>\n<p>Padeirinhas de hoje em dia<br \/>\n\u00c9 assim nossa alegria, nesta gente que trabalha<br \/>\nPor este Portugal.<br \/>\nNosso t\u00edtulo regional<br \/>\nPor toda a parte se espalha<\/p>\n<p><em>(Can\u00e7\u00e3o narrada por: Maria Em\u00edlia Sampaio e Teresa Matos)<\/em><\/p>\n<p><em>Recolha: Confreira Margarida Maria Sousa<\/em><\/p>\n ","protected":false},"excerpt":{"rendered":"<p>Em agrad\u00e1vel conversa com duas senhoras da terra, orgulhosas do local onde nasceram, me contaram,&#8230;<\/p>\n","protected":false},"author":1,"featured_media":0,"comment_status":"open","ping_status":"open","sticky":false,"template":"","format":"standard","meta":[],"categories":[46],"tags":[49,47,48],"_links":{"self":[{"href":"https:\/\/confrariadopaodaregueifaedobiscoitodevalongo.com\/confraria\/wp-json\/wp\/v2\/posts\/978"}],"collection":[{"href":"https:\/\/confrariadopaodaregueifaedobiscoitodevalongo.com\/confraria\/wp-json\/wp\/v2\/posts"}],"about":[{"href":"https:\/\/confrariadopaodaregueifaedobiscoitodevalongo.com\/confraria\/wp-json\/wp\/v2\/types\/post"}],"author":[{"embeddable":true,"href":"https:\/\/confrariadopaodaregueifaedobiscoitodevalongo.com\/confraria\/wp-json\/wp\/v2\/users\/1"}],"replies":[{"embeddable":true,"href":"https:\/\/confrariadopaodaregueifaedobiscoitodevalongo.com\/confraria\/wp-json\/wp\/v2\/comments?post=978"}],"version-history":[{"count":5,"href":"https:\/\/confrariadopaodaregueifaedobiscoitodevalongo.com\/confraria\/wp-json\/wp\/v2\/posts\/978\/revisions"}],"predecessor-version":[{"id":987,"href":"https:\/\/confrariadopaodaregueifaedobiscoitodevalongo.com\/confraria\/wp-json\/wp\/v2\/posts\/978\/revisions\/987"}],"wp:attachment":[{"href":"https:\/\/confrariadopaodaregueifaedobiscoitodevalongo.com\/confraria\/wp-json\/wp\/v2\/media?parent=978"}],"wp:term":[{"taxonomy":"category","embeddable":true,"href":"https:\/\/confrariadopaodaregueifaedobiscoitodevalongo.com\/confraria\/wp-json\/wp\/v2\/categories?post=978"},{"taxonomy":"post_tag","embeddable":true,"href":"https:\/\/confrariadopaodaregueifaedobiscoitodevalongo.com\/confraria\/wp-json\/wp\/v2\/tags?post=978"}],"curies":[{"name":"wp","href":"https:\/\/api.w.org\/{rel}","templated":true}]}}